{"id":1707,"date":"2017-12-14T18:42:46","date_gmt":"2017-12-14T17:42:46","guid":{"rendered":"http:\/\/nms-graz-stjohann.at\/cms\/?p=1707"},"modified":"2017-12-14T18:43:28","modified_gmt":"2017-12-14T17:43:28","slug":"advent-in-der-nachmi","status":"publish","type":"post","link":"https:\/\/ms-graz-stjohann.at\/cms\/2017\/12\/14\/advent-in-der-nachmi\/","title":{"rendered":"Advent in der Nachmi"},"content":{"rendered":"<div id=\"pl-1707\"  class=\"panel-layout\" ><div id=\"pg-1707-0\"  class=\"panel-grid panel-no-style\" ><div id=\"pgc-1707-0-0\"  class=\"panel-grid-cell\" ><div id=\"panel-1707-0-0-0\" class=\"so-panel widget widget_sow-editor panel-first-child panel-last-child\" data-index=\"0\" ><div\n\t\t\t\n\t\t\tclass=\"so-widget-sow-editor so-widget-sow-editor-base\"\n\t\t\t\n\t\t>\n<div class=\"siteorigin-widget-tinymce textwidget\">\n\t<p>Die Sch\u00fclerinnen und Sch\u00fcler der Nachmittagsbetreuung haben ihrer Kreativit\u00e4t bei der Erstellung eines <strong>Adventskalenders<\/strong> freien Lauf gelassen. Es wurden gemeinsam in der Gruppe 24 individuelle Weihnachtswichtel gebastelt, was den Sch\u00fclern sichtlich Spa\u00df bereitete. Die Ergebnisse k\u00f6nnen sich allemal sehen lassen!<\/p>\n<p>Mehr Fotos dazu finden Sie in unserer <a href=\"http:\/\/nms-graz-stjohann.at\/cms\/fotos\/gallery\/12-17-advent-in-der-nachmi\/#fotopage\">Fotogalerie<\/a>!<\/p>\n<\/div>\n<\/div><\/div><\/div><\/div><\/div>","protected":false},"excerpt":{"rendered":"<p>Weihnachtswichtel basteln<\/p>\n","protected":false},"author":2,"featured_media":1716,"comment_status":"closed","ping_status":"closed","sticky":false,"template":"","format":"standard","meta":{"_uag_custom_page_level_css":"","footnotes":""},"categories":[3],"tags":[],"class_list":{"0":"post-1707","1":"post","2":"type-post","3":"status-publish","4":"format-standard","5":"has-post-thumbnail","7":"category-projekte","8":"czr-hentry"},"uagb_featured_image_src":{"full":["https:\/\/ms-graz-stjohann.at\/cms\/wp-content\/uploads\/2017\/12\/0-7.jpg",922,922,false],"thumbnail":["https:\/\/ms-graz-stjohann.at\/cms\/wp-content\/uploads\/2017\/12\/0-7-150x150.jpg",150,150,true],"medium":["https:\/\/ms-graz-stjohann.at\/cms\/wp-content\/uploads\/2017\/12\/0-7-300x300.jpg",300,300,true],"medium_large":["https:\/\/ms-graz-stjohann.at\/cms\/wp-content\/uploads\/2017\/12\/0-7-768x768.jpg",768,768,true],"large":["https:\/\/ms-graz-stjohann.at\/cms\/wp-content\/uploads\/2017\/12\/0-7.jpg",922,922,false],"1536x1536":["https:\/\/ms-graz-stjohann.at\/cms\/wp-content\/uploads\/2017\/12\/0-7.jpg",922,922,false],"2048x2048":["https:\/\/ms-graz-stjohann.at\/cms\/wp-content\/uploads\/2017\/12\/0-7.jpg",922,922,false],"tc-grid-full":["https:\/\/ms-graz-stjohann.at\/cms\/wp-content\/uploads\/2017\/12\/0-7-922x444.jpg",922,444,true],"tc-grid":["https:\/\/ms-graz-stjohann.at\/cms\/wp-content\/uploads\/2017\/12\/0-7-570x350.jpg",570,350,true],"tc-thumb":["https:\/\/ms-graz-stjohann.at\/cms\/wp-content\/uploads\/2017\/12\/0-7-270x250.jpg",270,250,true],"slider-full":["https:\/\/ms-graz-stjohann.at\/cms\/wp-content\/uploads\/2017\/12\/0-7-922x325.jpg",922,325,true],"slider":["https:\/\/ms-graz-stjohann.at\/cms\/wp-content\/uploads\/2017\/12\/0-7-922x325.jpg",922,325,true],"tc-sq-thumb":["https:\/\/ms-graz-stjohann.at\/cms\/wp-content\/uploads\/2017\/12\/0-7-510x510.jpg",510,510,true],"tc-ws-thumb":["https:\/\/ms-graz-stjohann.at\/cms\/wp-content\/uploads\/2017\/12\/0-7-922x624.jpg",922,624,true],"tc-ws-small-thumb":["https:\/\/ms-graz-stjohann.at\/cms\/wp-content\/uploads\/2017\/12\/0-7-528x297.jpg",528,297,true],"tc-slider-small":["https:\/\/ms-graz-stjohann.at\/cms\/wp-content\/uploads\/2017\/12\/0-7-517x152.jpg",517,152,true],"sow-carousel-default":["https:\/\/ms-graz-stjohann.at\/cms\/wp-content\/uploads\/2017\/12\/0-7-272x182.jpg",272,182,true]},"uagb_author_info":{"display_name":"Christina-Karola Wurm","author_link":"https:\/\/ms-graz-stjohann.at\/cms\/author\/christina-wurm\/"},"uagb_comment_info":0,"uagb_excerpt":"Weihnachtswichtel basteln","_links":{"self":[{"href":"https:\/\/ms-graz-stjohann.at\/cms\/wp-json\/wp\/v2\/posts\/1707","targetHints":{"allow":["GET"]}}],"collection":[{"href":"https:\/\/ms-graz-stjohann.at\/cms\/wp-json\/wp\/v2\/posts"}],"about":[{"href":"https:\/\/ms-graz-stjohann.at\/cms\/wp-json\/wp\/v2\/types\/post"}],"author":[{"embeddable":true,"href":"https:\/\/ms-graz-stjohann.at\/cms\/wp-json\/wp\/v2\/users\/2"}],"replies":[{"embeddable":true,"href":"https:\/\/ms-graz-stjohann.at\/cms\/wp-json\/wp\/v2\/comments?post=1707"}],"version-history":[{"count":4,"href":"https:\/\/ms-graz-stjohann.at\/cms\/wp-json\/wp\/v2\/posts\/1707\/revisions"}],"predecessor-version":[{"id":1721,"href":"https:\/\/ms-graz-stjohann.at\/cms\/wp-json\/wp\/v2\/posts\/1707\/revisions\/1721"}],"wp:featuredmedia":[{"embeddable":true,"href":"https:\/\/ms-graz-stjohann.at\/cms\/wp-json\/wp\/v2\/media\/1716"}],"wp:attachment":[{"href":"https:\/\/ms-graz-stjohann.at\/cms\/wp-json\/wp\/v2\/media?parent=1707"}],"wp:term":[{"taxonomy":"category","embeddable":true,"href":"https:\/\/ms-graz-stjohann.at\/cms\/wp-json\/wp\/v2\/categories?post=1707"},{"taxonomy":"post_tag","embeddable":true,"href":"https:\/\/ms-graz-stjohann.at\/cms\/wp-json\/wp\/v2\/tags?post=1707"}],"curies":[{"name":"wp","href":"https:\/\/api.w.org\/{rel}","templated":true}]}}