{"id":2034,"date":"2018-02-15T18:33:41","date_gmt":"2018-02-15T17:33:41","guid":{"rendered":"http:\/\/nms-graz-stjohann.at\/cms\/?p=2034"},"modified":"2018-02-15T18:33:41","modified_gmt":"2018-02-15T17:33:41","slug":"semesterferien","status":"publish","type":"post","link":"https:\/\/ms-graz-stjohann.at\/cms\/2018\/02\/15\/semesterferien\/","title":{"rendered":"Semesterferien"},"content":{"rendered":"<p>Die erste H\u00e4lfte des Schuljahres ist vorbei und die <strong>Semesterferien <\/strong> vom <strong>19.2. bis 23.2.<\/strong> stehen vor der T\u00fcr. Das Team der NMS-Graz St. Johann w\u00fcnscht allen Sch\u00fcler\/innen und Eltern eine erholsame Woche. Wir freuen uns darauf, am Montag, den 26.2. mit neuer Energie in das zweite Halbjahr zu starten. <\/p>\n","protected":false},"excerpt":{"rendered":"<p>Semesterferien: 19.2. bis 23.2.<\/p>\n","protected":false},"author":2,"featured_media":2035,"comment_status":"closed","ping_status":"closed","sticky":false,"template":"","format":"standard","meta":{"_uag_custom_page_level_css":"","footnotes":""},"categories":[1],"tags":[],"class_list":{"0":"post-2034","1":"post","2":"type-post","3":"status-publish","4":"format-standard","5":"has-post-thumbnail","7":"category-ankuedigungen","8":"czr-hentry"},"uagb_featured_image_src":{"full":["https:\/\/ms-graz-stjohann.at\/cms\/wp-content\/uploads\/2018\/02\/Winterbild.jpg",1732,974,false],"thumbnail":["https:\/\/ms-graz-stjohann.at\/cms\/wp-content\/uploads\/2018\/02\/Winterbild-150x150.jpg",150,150,true],"medium":["https:\/\/ms-graz-stjohann.at\/cms\/wp-content\/uploads\/2018\/02\/Winterbild-300x169.jpg",300,169,true],"medium_large":["https:\/\/ms-graz-stjohann.at\/cms\/wp-content\/uploads\/2018\/02\/Winterbild-768x432.jpg",768,432,true],"large":["https:\/\/ms-graz-stjohann.at\/cms\/wp-content\/uploads\/2018\/02\/Winterbild-1024x576.jpg",1024,576,true],"1536x1536":["https:\/\/ms-graz-stjohann.at\/cms\/wp-content\/uploads\/2018\/02\/Winterbild.jpg",1536,864,false],"2048x2048":["https:\/\/ms-graz-stjohann.at\/cms\/wp-content\/uploads\/2018\/02\/Winterbild.jpg",1732,974,false],"tc-grid-full":["https:\/\/ms-graz-stjohann.at\/cms\/wp-content\/uploads\/2018\/02\/Winterbild-1110x444.jpg",1110,444,true],"tc-grid":["https:\/\/ms-graz-stjohann.at\/cms\/wp-content\/uploads\/2018\/02\/Winterbild-570x350.jpg",570,350,true],"tc-thumb":["https:\/\/ms-graz-stjohann.at\/cms\/wp-content\/uploads\/2018\/02\/Winterbild-270x250.jpg",270,250,true],"slider-full":["https:\/\/ms-graz-stjohann.at\/cms\/wp-content\/uploads\/2018\/02\/Winterbild-1732x325.jpg",1732,325,true],"slider":["https:\/\/ms-graz-stjohann.at\/cms\/wp-content\/uploads\/2018\/02\/Winterbild-1110x325.jpg",1110,325,true],"tc-sq-thumb":["https:\/\/ms-graz-stjohann.at\/cms\/wp-content\/uploads\/2018\/02\/Winterbild-510x510.jpg",510,510,true],"tc-ws-thumb":["https:\/\/ms-graz-stjohann.at\/cms\/wp-content\/uploads\/2018\/02\/Winterbild-1110x624.jpg",1110,624,true],"tc-ws-small-thumb":["https:\/\/ms-graz-stjohann.at\/cms\/wp-content\/uploads\/2018\/02\/Winterbild-528x297.jpg",528,297,true],"tc-slider-small":["https:\/\/ms-graz-stjohann.at\/cms\/wp-content\/uploads\/2018\/02\/Winterbild-517x152.jpg",517,152,true],"sow-carousel-default":["https:\/\/ms-graz-stjohann.at\/cms\/wp-content\/uploads\/2018\/02\/Winterbild-272x182.jpg",272,182,true]},"uagb_author_info":{"display_name":"Christina-Karola Wurm","author_link":"https:\/\/ms-graz-stjohann.at\/cms\/author\/christina-wurm\/"},"uagb_comment_info":0,"uagb_excerpt":"Semesterferien: 19.2. bis 23.2.","_links":{"self":[{"href":"https:\/\/ms-graz-stjohann.at\/cms\/wp-json\/wp\/v2\/posts\/2034","targetHints":{"allow":["GET"]}}],"collection":[{"href":"https:\/\/ms-graz-stjohann.at\/cms\/wp-json\/wp\/v2\/posts"}],"about":[{"href":"https:\/\/ms-graz-stjohann.at\/cms\/wp-json\/wp\/v2\/types\/post"}],"author":[{"embeddable":true,"href":"https:\/\/ms-graz-stjohann.at\/cms\/wp-json\/wp\/v2\/users\/2"}],"replies":[{"embeddable":true,"href":"https:\/\/ms-graz-stjohann.at\/cms\/wp-json\/wp\/v2\/comments?post=2034"}],"version-history":[{"count":2,"href":"https:\/\/ms-graz-stjohann.at\/cms\/wp-json\/wp\/v2\/posts\/2034\/revisions"}],"predecessor-version":[{"id":2037,"href":"https:\/\/ms-graz-stjohann.at\/cms\/wp-json\/wp\/v2\/posts\/2034\/revisions\/2037"}],"wp:featuredmedia":[{"embeddable":true,"href":"https:\/\/ms-graz-stjohann.at\/cms\/wp-json\/wp\/v2\/media\/2035"}],"wp:attachment":[{"href":"https:\/\/ms-graz-stjohann.at\/cms\/wp-json\/wp\/v2\/media?parent=2034"}],"wp:term":[{"taxonomy":"category","embeddable":true,"href":"https:\/\/ms-graz-stjohann.at\/cms\/wp-json\/wp\/v2\/categories?post=2034"},{"taxonomy":"post_tag","embeddable":true,"href":"https:\/\/ms-graz-stjohann.at\/cms\/wp-json\/wp\/v2\/tags?post=2034"}],"curies":[{"name":"wp","href":"https:\/\/api.w.org\/{rel}","templated":true}]}}