{"id":3886,"date":"2019-04-24T08:41:22","date_gmt":"2019-04-24T06:41:22","guid":{"rendered":"http:\/\/nms-graz-stjohann.at\/cms\/?p=3886"},"modified":"2019-05-05T18:19:07","modified_gmt":"2019-05-05T16:19:07","slug":"mikroskopierfuehrerschein-der-2ab","status":"publish","type":"post","link":"https:\/\/ms-graz-stjohann.at\/cms\/2019\/04\/24\/mikroskopierfuehrerschein-der-2ab\/","title":{"rendered":"Mikroskopierf\u00fchrerschein der 2AB"},"content":{"rendered":"<div id=\"pl-3886\"  class=\"panel-layout\" ><div id=\"pg-3886-0\"  class=\"panel-grid panel-no-style\" ><div id=\"pgc-3886-0-0\"  class=\"panel-grid-cell\" ><div id=\"panel-3886-0-0-0\" class=\"so-panel widget widget_sow-editor panel-first-child panel-last-child\" data-index=\"0\" ><div\n\t\t\t\n\t\t\tclass=\"so-widget-sow-editor so-widget-sow-editor-base\"\n\t\t\t\n\t\t>\n<div class=\"siteorigin-widget-tinymce textwidget\">\n\t<p>Nach vielen Wochen Theorie und Praxis war es am Tag vor den Osterferien endlich soweit - die Sch\u00fcler\/innen der 2. Klassen erhielten im Freiluftlabor ihren Mikroskopierf\u00fchrerschein. Jede\/r der die Ausdauer und den Ehrgeiz gezeigt hatte, alle notwendigen Tests und Pr\u00fcfungen auf sich zu nehmen, durfte stolz ihren\/seinen F\u00fchrerschein samt Urkunde von unserem Direktor Pichler entgegennehmen. Die Absolvent\/innen d\u00fcrfen mit diesem F\u00fchrerschein nun eigenst\u00e4ndig mikroskopieren, da sie bestens auf den Umgang mit diesen teuren Ger\u00e4ten vorbereitet sind. Anschlie\u00dfend wurden die flei\u00dfigen Forscher\/innen noch mit einer Osterjause samt Butterstriezl, Radieschen und Ostereierpecken belohnt. Ein sch\u00f6ner Abschluss vor den Osterferien.<\/p>\n<\/div>\n<\/div><\/div><\/div><\/div><div id=\"pg-3886-1\"  class=\"panel-grid panel-no-style\" ><div id=\"pgc-3886-1-0\"  class=\"panel-grid-cell\" ><div id=\"panel-3886-1-0-0\" class=\"so-panel widget widget_sow-image panel-first-child panel-last-child\" data-index=\"1\" ><div\n\t\t\t\n\t\t\tclass=\"so-widget-sow-image so-widget-sow-image-default-c67d20f9f743-3886\"\n\t\t\t\n\t\t>\n<div class=\"sow-image-container\">\n\t\t<img \n\tsrc=\"https:\/\/ms-graz-stjohann.at\/cms\/wp-content\/uploads\/2019\/04\/IMG_20190412_121852-510x510.jpg\" width=\"510\" height=\"510\" srcset=\"https:\/\/ms-graz-stjohann.at\/cms\/wp-content\/uploads\/2019\/04\/IMG_20190412_121852-510x510.jpg 510w, https:\/\/ms-graz-stjohann.at\/cms\/wp-content\/uploads\/2019\/04\/IMG_20190412_121852-150x150.jpg 150w\" sizes=\"(max-width: 510px) 100vw, 510px\" alt=\"\" \t\tclass=\"so-widget-image\"\/>\n\t<\/div>\n\n<\/div><\/div><\/div><div id=\"pgc-3886-1-1\"  class=\"panel-grid-cell\" ><div id=\"panel-3886-1-1-0\" class=\"so-panel widget widget_sow-image panel-first-child panel-last-child\" data-index=\"2\" ><div\n\t\t\t\n\t\t\tclass=\"so-widget-sow-image so-widget-sow-image-default-c67d20f9f743-3886\"\n\t\t\t\n\t\t>\n<div class=\"sow-image-container\">\n\t\t<img \n\tsrc=\"https:\/\/ms-graz-stjohann.at\/cms\/wp-content\/uploads\/2019\/04\/IMG_20190412_122531_Bokeh-510x510.jpg\" width=\"510\" height=\"510\" srcset=\"https:\/\/ms-graz-stjohann.at\/cms\/wp-content\/uploads\/2019\/04\/IMG_20190412_122531_Bokeh-510x510.jpg 510w, https:\/\/ms-graz-stjohann.at\/cms\/wp-content\/uploads\/2019\/04\/IMG_20190412_122531_Bokeh-150x150.jpg 150w\" sizes=\"(max-width: 510px) 100vw, 510px\" alt=\"\" \t\tclass=\"so-widget-image\"\/>\n\t<\/div>\n\n<\/div><\/div><\/div><div id=\"pgc-3886-1-2\"  class=\"panel-grid-cell\" ><div id=\"panel-3886-1-2-0\" class=\"so-panel widget widget_sow-image panel-first-child panel-last-child\" data-index=\"3\" ><div\n\t\t\t\n\t\t\tclass=\"so-widget-sow-image so-widget-sow-image-default-c67d20f9f743-3886\"\n\t\t\t\n\t\t>\n<div class=\"sow-image-container\">\n\t\t<img \n\tsrc=\"https:\/\/ms-graz-stjohann.at\/cms\/wp-content\/uploads\/2019\/04\/IMG_20190412_121937-510x510.jpg\" width=\"510\" height=\"510\" srcset=\"https:\/\/ms-graz-stjohann.at\/cms\/wp-content\/uploads\/2019\/04\/IMG_20190412_121937-510x510.jpg 510w, https:\/\/ms-graz-stjohann.at\/cms\/wp-content\/uploads\/2019\/04\/IMG_20190412_121937-150x150.jpg 150w\" sizes=\"(max-width: 510px) 100vw, 510px\" alt=\"\" \t\tclass=\"so-widget-image\"\/>\n\t<\/div>\n\n<\/div><\/div><\/div><\/div><\/div>","protected":false},"excerpt":{"rendered":"<p>Feierliche Verleihung und Osterjause<\/p>\n","protected":false},"author":2,"featured_media":3888,"comment_status":"closed","ping_status":"closed","sticky":false,"template":"","format":"standard","meta":{"_uag_custom_page_level_css":"","footnotes":""},"categories":[1],"tags":[],"class_list":{"0":"post-3886","1":"post","2":"type-post","3":"status-publish","4":"format-standard","5":"has-post-thumbnail","7":"category-ankuedigungen","8":"czr-hentry"},"uagb_featured_image_src":{"full":["https:\/\/ms-graz-stjohann.at\/cms\/wp-content\/uploads\/2019\/04\/IMG_20190412_121647.jpg",1536,864,false],"thumbnail":["https:\/\/ms-graz-stjohann.at\/cms\/wp-content\/uploads\/2019\/04\/IMG_20190412_121647-150x150.jpg",150,150,true],"medium":["https:\/\/ms-graz-stjohann.at\/cms\/wp-content\/uploads\/2019\/04\/IMG_20190412_121647-300x169.jpg",300,169,true],"medium_large":["https:\/\/ms-graz-stjohann.at\/cms\/wp-content\/uploads\/2019\/04\/IMG_20190412_121647-768x432.jpg",768,432,true],"large":["https:\/\/ms-graz-stjohann.at\/cms\/wp-content\/uploads\/2019\/04\/IMG_20190412_121647-1024x576.jpg",1024,576,true],"1536x1536":["https:\/\/ms-graz-stjohann.at\/cms\/wp-content\/uploads\/2019\/04\/IMG_20190412_121647.jpg",1536,864,false],"2048x2048":["https:\/\/ms-graz-stjohann.at\/cms\/wp-content\/uploads\/2019\/04\/IMG_20190412_121647.jpg",1536,864,false],"tc-grid-full":["https:\/\/ms-graz-stjohann.at\/cms\/wp-content\/uploads\/2019\/04\/IMG_20190412_121647-1110x444.jpg",1110,444,true],"tc-grid":["https:\/\/ms-graz-stjohann.at\/cms\/wp-content\/uploads\/2019\/04\/IMG_20190412_121647-570x350.jpg",570,350,true],"tc-thumb":["https:\/\/ms-graz-stjohann.at\/cms\/wp-content\/uploads\/2019\/04\/IMG_20190412_121647-270x250.jpg",270,250,true],"slider-full":["https:\/\/ms-graz-stjohann.at\/cms\/wp-content\/uploads\/2019\/04\/IMG_20190412_121647-1536x325.jpg",1536,325,true],"slider":["https:\/\/ms-graz-stjohann.at\/cms\/wp-content\/uploads\/2019\/04\/IMG_20190412_121647-1110x325.jpg",1110,325,true],"tc-sq-thumb":["https:\/\/ms-graz-stjohann.at\/cms\/wp-content\/uploads\/2019\/04\/IMG_20190412_121647-510x510.jpg",510,510,true],"tc-ws-thumb":["https:\/\/ms-graz-stjohann.at\/cms\/wp-content\/uploads\/2019\/04\/IMG_20190412_121647-1110x624.jpg",1110,624,true],"tc-ws-small-thumb":["https:\/\/ms-graz-stjohann.at\/cms\/wp-content\/uploads\/2019\/04\/IMG_20190412_121647-528x297.jpg",528,297,true],"tc-slider-small":["https:\/\/ms-graz-stjohann.at\/cms\/wp-content\/uploads\/2019\/04\/IMG_20190412_121647-517x152.jpg",517,152,true],"sow-carousel-default":["https:\/\/ms-graz-stjohann.at\/cms\/wp-content\/uploads\/2019\/04\/IMG_20190412_121647-272x182.jpg",272,182,true]},"uagb_author_info":{"display_name":"Christina-Karola Wurm","author_link":"https:\/\/ms-graz-stjohann.at\/cms\/author\/christina-wurm\/"},"uagb_comment_info":0,"uagb_excerpt":"Feierliche Verleihung und Osterjause","_links":{"self":[{"href":"https:\/\/ms-graz-stjohann.at\/cms\/wp-json\/wp\/v2\/posts\/3886","targetHints":{"allow":["GET"]}}],"collection":[{"href":"https:\/\/ms-graz-stjohann.at\/cms\/wp-json\/wp\/v2\/posts"}],"about":[{"href":"https:\/\/ms-graz-stjohann.at\/cms\/wp-json\/wp\/v2\/types\/post"}],"author":[{"embeddable":true,"href":"https:\/\/ms-graz-stjohann.at\/cms\/wp-json\/wp\/v2\/users\/2"}],"replies":[{"embeddable":true,"href":"https:\/\/ms-graz-stjohann.at\/cms\/wp-json\/wp\/v2\/comments?post=3886"}],"version-history":[{"count":4,"href":"https:\/\/ms-graz-stjohann.at\/cms\/wp-json\/wp\/v2\/posts\/3886\/revisions"}],"predecessor-version":[{"id":3896,"href":"https:\/\/ms-graz-stjohann.at\/cms\/wp-json\/wp\/v2\/posts\/3886\/revisions\/3896"}],"wp:featuredmedia":[{"embeddable":true,"href":"https:\/\/ms-graz-stjohann.at\/cms\/wp-json\/wp\/v2\/media\/3888"}],"wp:attachment":[{"href":"https:\/\/ms-graz-stjohann.at\/cms\/wp-json\/wp\/v2\/media?parent=3886"}],"wp:term":[{"taxonomy":"category","embeddable":true,"href":"https:\/\/ms-graz-stjohann.at\/cms\/wp-json\/wp\/v2\/categories?post=3886"},{"taxonomy":"post_tag","embeddable":true,"href":"https:\/\/ms-graz-stjohann.at\/cms\/wp-json\/wp\/v2\/tags?post=3886"}],"curies":[{"name":"wp","href":"https:\/\/api.w.org\/{rel}","templated":true}]}}