{"id":7134,"date":"2022-01-10T21:56:01","date_gmt":"2022-01-10T20:56:01","guid":{"rendered":"https:\/\/ms-graz-stjohann.at\/cms\/?p=7134"},"modified":"2022-01-10T21:56:01","modified_gmt":"2022-01-10T20:56:01","slug":"nationalsozialismus-in-oesterreich-ein-museumsbesuch-der-4b","status":"publish","type":"post","link":"https:\/\/ms-graz-stjohann.at\/cms\/2022\/01\/10\/nationalsozialismus-in-oesterreich-ein-museumsbesuch-der-4b\/","title":{"rendered":"Nationalsozialismus in \u00d6sterreich &#8211; ein Museumsbesuch der 4B"},"content":{"rendered":"<div id=\"pl-7134\"  class=\"panel-layout\" ><div id=\"pg-7134-0\"  class=\"panel-grid panel-no-style\" ><div id=\"pgc-7134-0-0\"  class=\"panel-grid-cell\" ><div id=\"panel-7134-0-0-0\" class=\"so-panel widget widget_sow-editor panel-first-child panel-last-child\" data-index=\"0\" ><div\n\t\t\t\n\t\t\tclass=\"so-widget-sow-editor so-widget-sow-editor-base\"\n\t\t\t\n\t\t>\n<div class=\"siteorigin-widget-tinymce textwidget\">\n\t<p>Mitte Dezember hatte die 4B die Gelegenheit eine faszinierende aber auch erschreckende Ausstellung im Museum f\u00fcr Geschichte zu besuchen. Die Ausstellung \"Bertl und Adele\" beschreibt das Leben zweier Grazer Jugendlichen im Holocaust. Begleitend zum Geschichteunterrichte konnten die Jugendlichen erfahren, was Diktatur, Antisemitismus und Nationalsozialismus in \u00d6sterreich wirklich bedeutete. Neben einem Blick in die Vergangenheit bot der Besuch aber auch die M\u00f6glichkeit, Begriffe von damals in die Gegenwart zu \u00fcbertragen. In einem Workshop konnten die Sch\u00fcler:innen Begriffe wie Propaganda oder Fake-News kennenlernen und lernten, was sie auch in heutiger Zeit bedeuten. Zum Abschluss dieses kulturellen Tags besuchten wir noch die Eiskrippe im Landhaushof.<\/p>\n<\/div>\n<\/div><\/div><\/div><\/div><div id=\"pg-7134-1\"  class=\"panel-grid panel-no-style\" ><div id=\"pgc-7134-1-0\"  class=\"panel-grid-cell\" ><div id=\"panel-7134-1-0-0\" class=\"so-panel widget widget_sow-image panel-first-child panel-last-child\" data-index=\"1\" ><div\n\t\t\t\n\t\t\tclass=\"so-widget-sow-image so-widget-sow-image-default-a258e6bfa2d8-7134\"\n\t\t\t\n\t\t>\n<div class=\"sow-image-container\">\n\t\t<img \n\tsrc=\"https:\/\/ms-graz-stjohann.at\/cms\/wp-content\/uploads\/2022\/01\/67d7599f-cf10-44e3-b91b-723cac69f347-1-510x510.jpg\" width=\"510\" height=\"510\" srcset=\"https:\/\/ms-graz-stjohann.at\/cms\/wp-content\/uploads\/2022\/01\/67d7599f-cf10-44e3-b91b-723cac69f347-1-510x510.jpg 510w, https:\/\/ms-graz-stjohann.at\/cms\/wp-content\/uploads\/2022\/01\/67d7599f-cf10-44e3-b91b-723cac69f347-1-150x150.jpg 150w\" sizes=\"(max-width: 510px) 100vw, 510px\" title=\"67d7599f-cf10-44e3-b91b-723cac69f347\" alt=\"\" \t\tclass=\"so-widget-image\"\/>\n\t<\/div>\n\n<\/div><\/div><\/div><div id=\"pgc-7134-1-1\"  class=\"panel-grid-cell\" ><div id=\"panel-7134-1-1-0\" class=\"so-panel widget widget_sow-image panel-first-child panel-last-child\" data-index=\"2\" ><div\n\t\t\t\n\t\t\tclass=\"so-widget-sow-image so-widget-sow-image-default-a258e6bfa2d8-7134\"\n\t\t\t\n\t\t>\n<div class=\"sow-image-container\">\n\t\t<img \n\tsrc=\"https:\/\/ms-graz-stjohann.at\/cms\/wp-content\/uploads\/2022\/01\/bd8abd19-ac15-49fd-bc68-8144a92d730e-510x510.jpg\" width=\"510\" height=\"510\" srcset=\"https:\/\/ms-graz-stjohann.at\/cms\/wp-content\/uploads\/2022\/01\/bd8abd19-ac15-49fd-bc68-8144a92d730e-510x510.jpg 510w, https:\/\/ms-graz-stjohann.at\/cms\/wp-content\/uploads\/2022\/01\/bd8abd19-ac15-49fd-bc68-8144a92d730e-150x150.jpg 150w\" sizes=\"(max-width: 510px) 100vw, 510px\" alt=\"\" \t\tclass=\"so-widget-image\"\/>\n\t<\/div>\n\n<\/div><\/div><\/div><div id=\"pgc-7134-1-2\"  class=\"panel-grid-cell\" ><div id=\"panel-7134-1-2-0\" class=\"so-panel widget widget_sow-image panel-first-child panel-last-child\" data-index=\"3\" ><div\n\t\t\t\n\t\t\tclass=\"so-widget-sow-image so-widget-sow-image-default-a258e6bfa2d8-7134\"\n\t\t\t\n\t\t>\n<div class=\"sow-image-container\">\n\t\t<img \n\tsrc=\"https:\/\/ms-graz-stjohann.at\/cms\/wp-content\/uploads\/2022\/01\/6c01beba-111b-4136-97e1-158ceddc0802-1-510x510.jpg\" width=\"510\" height=\"510\" srcset=\"https:\/\/ms-graz-stjohann.at\/cms\/wp-content\/uploads\/2022\/01\/6c01beba-111b-4136-97e1-158ceddc0802-1-510x510.jpg 510w, https:\/\/ms-graz-stjohann.at\/cms\/wp-content\/uploads\/2022\/01\/6c01beba-111b-4136-97e1-158ceddc0802-1-150x150.jpg 150w\" sizes=\"(max-width: 510px) 100vw, 510px\" title=\"6c01beba-111b-4136-97e1-158ceddc0802\" alt=\"\" \t\tclass=\"so-widget-image\"\/>\n\t<\/div>\n\n<\/div><\/div><\/div><\/div><\/div>","protected":false},"excerpt":{"rendered":"<p>Adele und Bertl &#8211; die Geschichte \u00d6sterreichs zur NS-Zeit aus der Sicht von 2 Jugendlichen<\/p>\n","protected":false},"author":2,"featured_media":7152,"comment_status":"closed","ping_status":"closed","sticky":false,"template":"","format":"standard","meta":{"_uag_custom_page_level_css":"","footnotes":""},"categories":[1],"tags":[],"class_list":{"0":"post-7134","1":"post","2":"type-post","3":"status-publish","4":"format-standard","5":"has-post-thumbnail","7":"category-ankuedigungen","8":"czr-hentry"},"uagb_featured_image_src":{"full":["https:\/\/ms-graz-stjohann.at\/cms\/wp-content\/uploads\/2022\/01\/1dd1022f-5739-4377-a65d-06c0574adabd-1.jpg",1512,2016,false],"thumbnail":["https:\/\/ms-graz-stjohann.at\/cms\/wp-content\/uploads\/2022\/01\/1dd1022f-5739-4377-a65d-06c0574adabd-1-150x150.jpg",150,150,true],"medium":["https:\/\/ms-graz-stjohann.at\/cms\/wp-content\/uploads\/2022\/01\/1dd1022f-5739-4377-a65d-06c0574adabd-1-225x300.jpg",225,300,true],"medium_large":["https:\/\/ms-graz-stjohann.at\/cms\/wp-content\/uploads\/2022\/01\/1dd1022f-5739-4377-a65d-06c0574adabd-1-768x1024.jpg",768,1024,true],"large":["https:\/\/ms-graz-stjohann.at\/cms\/wp-content\/uploads\/2022\/01\/1dd1022f-5739-4377-a65d-06c0574adabd-1-768x1024.jpg",768,1024,true],"1536x1536":["https:\/\/ms-graz-stjohann.at\/cms\/wp-content\/uploads\/2022\/01\/1dd1022f-5739-4377-a65d-06c0574adabd-1-1152x1536.jpg",1152,1536,true],"2048x2048":["https:\/\/ms-graz-stjohann.at\/cms\/wp-content\/uploads\/2022\/01\/1dd1022f-5739-4377-a65d-06c0574adabd-1.jpg",1512,2016,false],"tc-grid-full":["https:\/\/ms-graz-stjohann.at\/cms\/wp-content\/uploads\/2022\/01\/1dd1022f-5739-4377-a65d-06c0574adabd-1-1110x444.jpg",1110,444,true],"tc-grid":["https:\/\/ms-graz-stjohann.at\/cms\/wp-content\/uploads\/2022\/01\/1dd1022f-5739-4377-a65d-06c0574adabd-1-570x350.jpg",570,350,true],"tc-thumb":["https:\/\/ms-graz-stjohann.at\/cms\/wp-content\/uploads\/2022\/01\/1dd1022f-5739-4377-a65d-06c0574adabd-1-270x250.jpg",270,250,true],"slider-full":["https:\/\/ms-graz-stjohann.at\/cms\/wp-content\/uploads\/2022\/01\/1dd1022f-5739-4377-a65d-06c0574adabd-1-1512x325.jpg",1512,325,true],"slider":["https:\/\/ms-graz-stjohann.at\/cms\/wp-content\/uploads\/2022\/01\/1dd1022f-5739-4377-a65d-06c0574adabd-1-1110x325.jpg",1110,325,true],"tc-sq-thumb":["https:\/\/ms-graz-stjohann.at\/cms\/wp-content\/uploads\/2022\/01\/1dd1022f-5739-4377-a65d-06c0574adabd-1-510x510.jpg",510,510,true],"tc-ws-thumb":["https:\/\/ms-graz-stjohann.at\/cms\/wp-content\/uploads\/2022\/01\/1dd1022f-5739-4377-a65d-06c0574adabd-1-1110x624.jpg",1110,624,true],"tc-ws-small-thumb":["https:\/\/ms-graz-stjohann.at\/cms\/wp-content\/uploads\/2022\/01\/1dd1022f-5739-4377-a65d-06c0574adabd-1-528x297.jpg",528,297,true],"tc-slider-small":["https:\/\/ms-graz-stjohann.at\/cms\/wp-content\/uploads\/2022\/01\/1dd1022f-5739-4377-a65d-06c0574adabd-1-517x152.jpg",517,152,true],"sow-carousel-default":["https:\/\/ms-graz-stjohann.at\/cms\/wp-content\/uploads\/2022\/01\/1dd1022f-5739-4377-a65d-06c0574adabd-1-272x182.jpg",272,182,true]},"uagb_author_info":{"display_name":"Christina-Karola Wurm","author_link":"https:\/\/ms-graz-stjohann.at\/cms\/author\/christina-wurm\/"},"uagb_comment_info":0,"uagb_excerpt":"Adele und Bertl - die Geschichte \u00d6sterreichs zur NS-Zeit aus der Sicht von 2 Jugendlichen","_links":{"self":[{"href":"https:\/\/ms-graz-stjohann.at\/cms\/wp-json\/wp\/v2\/posts\/7134","targetHints":{"allow":["GET"]}}],"collection":[{"href":"https:\/\/ms-graz-stjohann.at\/cms\/wp-json\/wp\/v2\/posts"}],"about":[{"href":"https:\/\/ms-graz-stjohann.at\/cms\/wp-json\/wp\/v2\/types\/post"}],"author":[{"embeddable":true,"href":"https:\/\/ms-graz-stjohann.at\/cms\/wp-json\/wp\/v2\/users\/2"}],"replies":[{"embeddable":true,"href":"https:\/\/ms-graz-stjohann.at\/cms\/wp-json\/wp\/v2\/comments?post=7134"}],"version-history":[{"count":10,"href":"https:\/\/ms-graz-stjohann.at\/cms\/wp-json\/wp\/v2\/posts\/7134\/revisions"}],"predecessor-version":[{"id":7168,"href":"https:\/\/ms-graz-stjohann.at\/cms\/wp-json\/wp\/v2\/posts\/7134\/revisions\/7168"}],"wp:featuredmedia":[{"embeddable":true,"href":"https:\/\/ms-graz-stjohann.at\/cms\/wp-json\/wp\/v2\/media\/7152"}],"wp:attachment":[{"href":"https:\/\/ms-graz-stjohann.at\/cms\/wp-json\/wp\/v2\/media?parent=7134"}],"wp:term":[{"taxonomy":"category","embeddable":true,"href":"https:\/\/ms-graz-stjohann.at\/cms\/wp-json\/wp\/v2\/categories?post=7134"},{"taxonomy":"post_tag","embeddable":true,"href":"https:\/\/ms-graz-stjohann.at\/cms\/wp-json\/wp\/v2\/tags?post=7134"}],"curies":[{"name":"wp","href":"https:\/\/api.w.org\/{rel}","templated":true}]}}