{"id":8257,"date":"2023-11-19T10:57:08","date_gmt":"2023-11-19T09:57:08","guid":{"rendered":"https:\/\/ms-graz-stjohann.at\/cms\/?p=8257"},"modified":"2026-04-24T08:47:38","modified_gmt":"2026-04-24T06:47:38","slug":"buecher-lesen","status":"publish","type":"post","link":"https:\/\/ms-graz-stjohann.at\/cms\/2023\/11\/19\/buecher-lesen\/","title":{"rendered":"B\u00fccher lesen\u2026"},"content":{"rendered":"<div id=\"pl-8257\"  class=\"panel-layout\" ><div id=\"pg-8257-0\"  class=\"panel-grid panel-no-style\" ><div id=\"pgc-8257-0-0\"  class=\"panel-grid-cell\" ><div id=\"panel-8257-0-0-0\" class=\"so-panel widget widget_sow-editor panel-first-child panel-last-child\" data-index=\"0\" ><div\n\t\t\t\n\t\t\tclass=\"so-widget-sow-editor so-widget-sow-editor-base\"\n\t\t\t\n\t\t>\n<div class=\"siteorigin-widget-tinymce textwidget\">\n\t<div>\u2026hei\u00dft wandern gehen in ferne Welten, aus den Stuben, \u00fcber die Sterne.<\/div>\n<div>Inspiriert von diesem Jean Paul Zitat machten sich die zweiten Klassen in der Woche vor den Herbstferien auf den Weg in die Stadtbibliothek.<\/div>\n<div>Ziel dieses Ausflugs war es, den Jugendlichen die Welt der B\u00fccher n\u00e4herzubringen und die Leselust zu f\u00f6rdern. Nach einer kurzen Einf\u00fchrung zum Thema Bibliothek durften die Kinder in allen Regalen st\u00f6bern und lernten dabei unterschiedliche Genres kennen. Dieses Angebot wurde freudig angenommen und es wurde eifrig gelesen, sodass zum Schluss der Veranstaltung an alle die Aufgabe gestellt wurde, ein Buch auszuw\u00e4hlen und dieses dann den restlichen Mitsch\u00fcler:innen vorzustellen. Durch die gro\u00dfe Vielfalt gab es Pr\u00e4sentationen zu Mangas und Fantasieb\u00fcchern, aber auch zu Gruselgeschichten und Sachb\u00fcchern. Die Zeit verging viel zu schnell und damit die Jugendlichen auch au\u00dferhalb der B\u00fccherei lesen k\u00f6nnen, wurden Bibliotheksausweise ausgestellt und alle konnten ihre Lieblingslekt\u00fcre mit nach Hause nehmen. Viele Nutzen diese Chance und borgten sich gleich mehrere B\u00fccher aus.<\/div>\n<div>Vielleicht haben wir demn\u00e4chst jede Menge wissbegierige Leseratten im Haus, die wieder Freude mit einem \u201eechten Buch\u201c haben. Es w\u00e4re ein Gewinn f\u00fcr alle, denn Lesen er\u00f6ffnet neue Welten.<\/div>\n<\/div>\n<\/div><\/div><\/div><\/div><div id=\"pg-8257-1\"  class=\"panel-grid panel-no-style\" ><div id=\"pgc-8257-1-0\"  class=\"panel-grid-cell\" ><div id=\"panel-8257-1-0-0\" class=\"so-panel widget widget_sow-image panel-first-child panel-last-child\" data-index=\"1\" ><div\n\t\t\t\n\t\t\tclass=\"so-widget-sow-image so-widget-sow-image-default-a258e6bfa2d8-8257\"\n\t\t\t\n\t\t>\n<div class=\"sow-image-container\">\n\t\t\t<a href=\"http:\/\/ms-graz-stjohann.at\/cms\/wp-content\/uploads\/2022\/03\/IMG-20231024-WA0003.jpg\"\n\t\t\t\t\t>\n\t\t\t<img \n\tsrc=\"https:\/\/ms-graz-stjohann.at\/cms\/wp-content\/uploads\/2022\/03\/IMG-20231024-WA0003-510x510.jpg\" width=\"510\" height=\"510\" srcset=\"https:\/\/ms-graz-stjohann.at\/cms\/wp-content\/uploads\/2022\/03\/IMG-20231024-WA0003-510x510.jpg 510w, https:\/\/ms-graz-stjohann.at\/cms\/wp-content\/uploads\/2022\/03\/IMG-20231024-WA0003-300x300.jpg 300w, https:\/\/ms-graz-stjohann.at\/cms\/wp-content\/uploads\/2022\/03\/IMG-20231024-WA0003-1024x1024.jpg 1024w, https:\/\/ms-graz-stjohann.at\/cms\/wp-content\/uploads\/2022\/03\/IMG-20231024-WA0003-150x150.jpg 150w, https:\/\/ms-graz-stjohann.at\/cms\/wp-content\/uploads\/2022\/03\/IMG-20231024-WA0003-768x768.jpg 768w, https:\/\/ms-graz-stjohann.at\/cms\/wp-content\/uploads\/2022\/03\/IMG-20231024-WA0003-1536x1536.jpg 1536w, https:\/\/ms-graz-stjohann.at\/cms\/wp-content\/uploads\/2022\/03\/IMG-20231024-WA0003.jpg 2048w\" sizes=\"(max-width: 510px) 100vw, 510px\" alt=\"\" \t\tclass=\"so-widget-image\"\/>\n\t\t\t<\/a><\/div>\n\n<\/div><\/div><\/div><div id=\"pgc-8257-1-1\"  class=\"panel-grid-cell panel-grid-cell-empty panel-grid-cell-mobile-last\" ><\/div><div id=\"pgc-8257-1-2\"  class=\"panel-grid-cell panel-grid-cell-empty\" ><\/div><\/div><\/div>","protected":false},"excerpt":{"rendered":"<p>Besuch in der Stadtbibliothek<\/p>\n","protected":false},"author":4,"featured_media":8251,"comment_status":"closed","ping_status":"closed","sticky":false,"template":"","format":"standard","meta":{"_uag_custom_page_level_css":"","footnotes":""},"categories":[4],"tags":[54,123,122,124],"class_list":{"0":"post-8257","1":"post","2":"type-post","3":"status-publish","4":"format-standard","5":"has-post-thumbnail","7":"category-exkursionen","8":"tag-ausflug","9":"tag-bibliothek","10":"tag-lesen","11":"tag-stadtbibliothek","12":"czr-hentry"},"uagb_featured_image_src":{"full":["https:\/\/ms-graz-stjohann.at\/cms\/wp-content\/uploads\/2022\/03\/IMG-20231024-WA0003.jpg",2048,2048,false],"thumbnail":["https:\/\/ms-graz-stjohann.at\/cms\/wp-content\/uploads\/2022\/03\/IMG-20231024-WA0003-150x150.jpg",150,150,true],"medium":["https:\/\/ms-graz-stjohann.at\/cms\/wp-content\/uploads\/2022\/03\/IMG-20231024-WA0003-300x300.jpg",300,300,true],"medium_large":["https:\/\/ms-graz-stjohann.at\/cms\/wp-content\/uploads\/2022\/03\/IMG-20231024-WA0003-768x768.jpg",768,768,true],"large":["https:\/\/ms-graz-stjohann.at\/cms\/wp-content\/uploads\/2022\/03\/IMG-20231024-WA0003-1024x1024.jpg",1024,1024,true],"1536x1536":["https:\/\/ms-graz-stjohann.at\/cms\/wp-content\/uploads\/2022\/03\/IMG-20231024-WA0003-1536x1536.jpg",1536,1536,true],"2048x2048":["https:\/\/ms-graz-stjohann.at\/cms\/wp-content\/uploads\/2022\/03\/IMG-20231024-WA0003.jpg",2048,2048,false],"tc-grid-full":["https:\/\/ms-graz-stjohann.at\/cms\/wp-content\/uploads\/2022\/03\/IMG-20231024-WA0003-1110x444.jpg",1110,444,true],"tc-grid":["https:\/\/ms-graz-stjohann.at\/cms\/wp-content\/uploads\/2022\/03\/IMG-20231024-WA0003-570x350.jpg",570,350,true],"tc-thumb":["https:\/\/ms-graz-stjohann.at\/cms\/wp-content\/uploads\/2022\/03\/IMG-20231024-WA0003-270x250.jpg",270,250,true],"slider-full":["https:\/\/ms-graz-stjohann.at\/cms\/wp-content\/uploads\/2022\/03\/IMG-20231024-WA0003-2048x325.jpg",2048,325,true],"slider":["https:\/\/ms-graz-stjohann.at\/cms\/wp-content\/uploads\/2022\/03\/IMG-20231024-WA0003-1110x325.jpg",1110,325,true],"tc-sq-thumb":["https:\/\/ms-graz-stjohann.at\/cms\/wp-content\/uploads\/2022\/03\/IMG-20231024-WA0003-510x510.jpg",510,510,true],"tc-ws-thumb":["https:\/\/ms-graz-stjohann.at\/cms\/wp-content\/uploads\/2022\/03\/IMG-20231024-WA0003-1110x624.jpg",1110,624,true],"tc-ws-small-thumb":["https:\/\/ms-graz-stjohann.at\/cms\/wp-content\/uploads\/2022\/03\/IMG-20231024-WA0003-528x297.jpg",528,297,true],"tc-slider-small":["https:\/\/ms-graz-stjohann.at\/cms\/wp-content\/uploads\/2022\/03\/IMG-20231024-WA0003-517x152.jpg",517,152,true],"sow-carousel-default":["https:\/\/ms-graz-stjohann.at\/cms\/wp-content\/uploads\/2022\/03\/IMG-20231024-WA0003-272x182.jpg",272,182,true]},"uagb_author_info":{"display_name":"Alexander Lehner","author_link":"https:\/\/ms-graz-stjohann.at\/cms\/author\/alexander-lehner\/"},"uagb_comment_info":0,"uagb_excerpt":"Besuch in der Stadtbibliothek","_links":{"self":[{"href":"https:\/\/ms-graz-stjohann.at\/cms\/wp-json\/wp\/v2\/posts\/8257","targetHints":{"allow":["GET"]}}],"collection":[{"href":"https:\/\/ms-graz-stjohann.at\/cms\/wp-json\/wp\/v2\/posts"}],"about":[{"href":"https:\/\/ms-graz-stjohann.at\/cms\/wp-json\/wp\/v2\/types\/post"}],"author":[{"embeddable":true,"href":"https:\/\/ms-graz-stjohann.at\/cms\/wp-json\/wp\/v2\/users\/4"}],"replies":[{"embeddable":true,"href":"https:\/\/ms-graz-stjohann.at\/cms\/wp-json\/wp\/v2\/comments?post=8257"}],"version-history":[{"count":4,"href":"https:\/\/ms-graz-stjohann.at\/cms\/wp-json\/wp\/v2\/posts\/8257\/revisions"}],"predecessor-version":[{"id":8482,"href":"https:\/\/ms-graz-stjohann.at\/cms\/wp-json\/wp\/v2\/posts\/8257\/revisions\/8482"}],"wp:featuredmedia":[{"embeddable":true,"href":"https:\/\/ms-graz-stjohann.at\/cms\/wp-json\/wp\/v2\/media\/8251"}],"wp:attachment":[{"href":"https:\/\/ms-graz-stjohann.at\/cms\/wp-json\/wp\/v2\/media?parent=8257"}],"wp:term":[{"taxonomy":"category","embeddable":true,"href":"https:\/\/ms-graz-stjohann.at\/cms\/wp-json\/wp\/v2\/categories?post=8257"},{"taxonomy":"post_tag","embeddable":true,"href":"https:\/\/ms-graz-stjohann.at\/cms\/wp-json\/wp\/v2\/tags?post=8257"}],"curies":[{"name":"wp","href":"https:\/\/api.w.org\/{rel}","templated":true}]}}