{"id":9513,"date":"2026-03-10T08:51:37","date_gmt":"2026-03-10T07:51:37","guid":{"rendered":"https:\/\/ms-graz-stjohann.at\/cms\/?p=9513"},"modified":"2026-03-10T08:51:37","modified_gmt":"2026-03-10T07:51:37","slug":"kunstworkshop-perspektivenwechsel-demokratische-prozesse","status":"publish","type":"post","link":"https:\/\/ms-graz-stjohann.at\/cms\/2026\/03\/10\/kunstworkshop-perspektivenwechsel-demokratische-prozesse\/","title":{"rendered":"Kunstworkshop: &#8222;Perspektivenwechsel &#8211; demokratische Prozesse&#8220;"},"content":{"rendered":"<div id=\"pl-9513\"  class=\"panel-layout\" ><div id=\"pg-9513-0\"  class=\"panel-grid panel-no-style\" ><div id=\"pgc-9513-0-0\"  class=\"panel-grid-cell\" ><div id=\"panel-9513-0-0-0\" class=\"so-panel widget widget_sow-editor panel-first-child panel-last-child\" data-index=\"0\" ><div\n\t\t\t\n\t\t\tclass=\"so-widget-sow-editor so-widget-sow-editor-base\"\n\t\t\t\n\t\t>\n<div class=\"siteorigin-widget-tinymce textwidget\">\n\t<p>An den Projekttagen vor den vergangenen Weihnachtsferien fanden an der MS Graz St. Johann in den 3. Klassen Kunstworkshops der Kinder Kunst Hochschule Steiermark zum Thema \u201ePerspektivenwechsel \u2013 demokratische Prozesse\u201c statt.<\/p>\n<p>Ziel des Projekts war es, den Perspektivenwechsel als Grundvoraussetzung f\u00fcr friedliches Zusammenleben und demokratisches Miteinander zu erfahren.<\/p>\n<p>Zum Auftakt der kreativen Auseinandersetzung besuchten unsere Sch\u00fclerinnen und Sch\u00fcler das Museum f\u00fcr Geschichte und das Volkskundemuseum des Universalmuseums Joanneum sowie das Steierm\u00e4rkische Landesarchiv.<\/p>\n<p>Das konkrete k\u00fcnstlerische Tun, geleitet von 3 Grazer K\u00fcnstlerInnen (E. Prechtl, U. Lang, N. Neffe) beinhaltete:<\/p>\n<ul>\n<li>Dreidimensionales Arbeiten mit Draht und Gips (Schaffung einer Plastik)\n<ul>\n<li>\u201eWie viele Perspektivenwechsel sind m\u00f6glich, ohne den Gegenstand aus dem Blick zu verlieren!\u201c<\/li>\n<\/ul>\n<\/li>\n<li>Suminagashi: Meditative japanische Technik der Papiermarmorierung zur Erstellung einer Wanduhr\n<ul>\n<li>\u201eDie Gegenperspektiven von Meditation und Zeit(-druck)\u201c<\/li>\n<\/ul>\n<\/li>\n<li>Gestaltung eines H\u00f6rspiels (QR Code) zum Thema demokratische Prozesse in einer M\u00e4rchenwelt\n<ul>\n<li>\u201eWie f\u00f6rdern k\u00fcnstlerische Prozesse die F\u00e4higkeit, unterschiedliche Betrachtungsweisen zu entfalten?\u201c<\/li>\n<\/ul>\n<\/li>\n<\/ul>\n<\/div>\n<\/div><\/div><\/div><\/div><div id=\"pg-9513-1\"  class=\"panel-grid panel-no-style\" ><div id=\"pgc-9513-1-0\"  class=\"panel-grid-cell\" ><div id=\"panel-9513-1-0-0\" class=\"so-panel widget widget_sow-image panel-first-child panel-last-child\" data-index=\"1\" ><div\n\t\t\t\n\t\t\tclass=\"so-widget-sow-image so-widget-sow-image-default-8b5b6f678277-9513\"\n\t\t\t\n\t\t>\n<div class=\"sow-image-container\">\n\t\t\t<a href=\"http:\/\/ms-graz-stjohann.at\/cms\/wp-content\/uploads\/2022\/03\/20251223_110804-scaled.jpg\"\n\t\t\t\t\t>\n\t\t\t<img \n\tsrc=\"https:\/\/ms-graz-stjohann.at\/cms\/wp-content\/uploads\/2022\/03\/20251223_110804-510x510.jpg\" width=\"510\" height=\"510\" srcset=\"https:\/\/ms-graz-stjohann.at\/cms\/wp-content\/uploads\/2022\/03\/20251223_110804-510x510.jpg 510w, https:\/\/ms-graz-stjohann.at\/cms\/wp-content\/uploads\/2022\/03\/20251223_110804-150x150.jpg 150w\" sizes=\"(max-width: 510px) 100vw, 510px\" title=\"20251223_110804\" alt=\"\" \t\tclass=\"so-widget-image\"\/>\n\t\t\t<\/a><\/div>\n\n<\/div><\/div><\/div><div id=\"pgc-9513-1-1\"  class=\"panel-grid-cell\" ><div id=\"panel-9513-1-1-0\" class=\"so-panel widget widget_sow-image panel-first-child panel-last-child\" data-index=\"2\" ><div\n\t\t\t\n\t\t\tclass=\"so-widget-sow-image so-widget-sow-image-default-8b5b6f678277-9513\"\n\t\t\t\n\t\t>\n<div class=\"sow-image-container\">\n\t\t\t<a href=\"http:\/\/ms-graz-stjohann.at\/cms\/wp-content\/uploads\/2022\/03\/20251223_110706-scaled.jpg\"\n\t\t\t\t\t>\n\t\t\t<img \n\tsrc=\"https:\/\/ms-graz-stjohann.at\/cms\/wp-content\/uploads\/2022\/03\/20251223_110706-510x510.jpg\" width=\"510\" height=\"510\" srcset=\"https:\/\/ms-graz-stjohann.at\/cms\/wp-content\/uploads\/2022\/03\/20251223_110706-510x510.jpg 510w, https:\/\/ms-graz-stjohann.at\/cms\/wp-content\/uploads\/2022\/03\/20251223_110706-150x150.jpg 150w\" sizes=\"(max-width: 510px) 100vw, 510px\" title=\"20251223_110706\" alt=\"\" \t\tclass=\"so-widget-image\"\/>\n\t\t\t<\/a><\/div>\n\n<\/div><\/div><\/div><div id=\"pgc-9513-1-2\"  class=\"panel-grid-cell\" ><div id=\"panel-9513-1-2-0\" class=\"so-panel widget widget_sow-image panel-first-child panel-last-child\" data-index=\"3\" ><div\n\t\t\t\n\t\t\tclass=\"so-widget-sow-image so-widget-sow-image-default-8b5b6f678277-9513\"\n\t\t\t\n\t\t>\n<div class=\"sow-image-container\">\n\t\t\t<a href=\"http:\/\/ms-graz-stjohann.at\/cms\/wp-content\/uploads\/2022\/03\/20251223_105606-scaled.jpg\"\n\t\t\t\t\t>\n\t\t\t<img \n\tsrc=\"https:\/\/ms-graz-stjohann.at\/cms\/wp-content\/uploads\/2022\/03\/20251223_105606-510x510.jpg\" width=\"510\" height=\"510\" srcset=\"https:\/\/ms-graz-stjohann.at\/cms\/wp-content\/uploads\/2022\/03\/20251223_105606-510x510.jpg 510w, https:\/\/ms-graz-stjohann.at\/cms\/wp-content\/uploads\/2022\/03\/20251223_105606-150x150.jpg 150w\" sizes=\"(max-width: 510px) 100vw, 510px\" title=\"20251223_105606\" alt=\"\" \t\tclass=\"so-widget-image\"\/>\n\t\t\t<\/a><\/div>\n\n<\/div><\/div><\/div><\/div><div id=\"pg-9513-2\"  class=\"panel-grid panel-no-style\" ><div id=\"pgc-9513-2-0\"  class=\"panel-grid-cell\" ><div id=\"panel-9513-2-0-0\" class=\"so-panel widget widget_sow-image panel-first-child panel-last-child\" data-index=\"4\" ><div\n\t\t\t\n\t\t\tclass=\"so-widget-sow-image so-widget-sow-image-default-8b5b6f678277-9513\"\n\t\t\t\n\t\t>\n<div class=\"sow-image-container\">\n\t\t\t<a href=\"http:\/\/ms-graz-stjohann.at\/cms\/wp-content\/uploads\/2022\/03\/20251223_105528-scaled.jpg\"\n\t\t\t\t\t>\n\t\t\t<img \n\tsrc=\"https:\/\/ms-graz-stjohann.at\/cms\/wp-content\/uploads\/2022\/03\/20251223_105528-510x510.jpg\" width=\"510\" height=\"510\" srcset=\"https:\/\/ms-graz-stjohann.at\/cms\/wp-content\/uploads\/2022\/03\/20251223_105528-510x510.jpg 510w, https:\/\/ms-graz-stjohann.at\/cms\/wp-content\/uploads\/2022\/03\/20251223_105528-150x150.jpg 150w\" sizes=\"(max-width: 510px) 100vw, 510px\" title=\"20251223_105528\" alt=\"\" \t\tclass=\"so-widget-image\"\/>\n\t\t\t<\/a><\/div>\n\n<\/div><\/div><\/div><div id=\"pgc-9513-2-1\"  class=\"panel-grid-cell\" ><div id=\"panel-9513-2-1-0\" class=\"so-panel widget widget_sow-image panel-first-child panel-last-child\" data-index=\"5\" ><div\n\t\t\t\n\t\t\tclass=\"so-widget-sow-image so-widget-sow-image-default-8b5b6f678277-9513\"\n\t\t\t\n\t\t>\n<div class=\"sow-image-container\">\n\t\t\t<a href=\"http:\/\/ms-graz-stjohann.at\/cms\/wp-content\/uploads\/2022\/03\/20251223_100232-scaled.jpg\"\n\t\t\t\t\t>\n\t\t\t<img \n\tsrc=\"https:\/\/ms-graz-stjohann.at\/cms\/wp-content\/uploads\/2022\/03\/20251223_100232-510x510.jpg\" width=\"510\" height=\"510\" srcset=\"https:\/\/ms-graz-stjohann.at\/cms\/wp-content\/uploads\/2022\/03\/20251223_100232-510x510.jpg 510w, https:\/\/ms-graz-stjohann.at\/cms\/wp-content\/uploads\/2022\/03\/20251223_100232-150x150.jpg 150w\" sizes=\"(max-width: 510px) 100vw, 510px\" title=\"20251223_100232\" alt=\"\" \t\tclass=\"so-widget-image\"\/>\n\t\t\t<\/a><\/div>\n\n<\/div><\/div><\/div><div id=\"pgc-9513-2-2\"  class=\"panel-grid-cell\" ><div id=\"panel-9513-2-2-0\" class=\"so-panel widget widget_sow-image panel-first-child panel-last-child\" data-index=\"6\" ><div\n\t\t\t\n\t\t\tclass=\"so-widget-sow-image so-widget-sow-image-default-8b5b6f678277-9513\"\n\t\t\t\n\t\t>\n<div class=\"sow-image-container\">\n\t\t\t<a href=\"http:\/\/ms-graz-stjohann.at\/cms\/wp-content\/uploads\/2022\/03\/20251222_110923-scaled.jpg\"\n\t\t\t\t\t>\n\t\t\t<img \n\tsrc=\"https:\/\/ms-graz-stjohann.at\/cms\/wp-content\/uploads\/2022\/03\/20251222_110923-510x510.jpg\" width=\"510\" height=\"510\" srcset=\"https:\/\/ms-graz-stjohann.at\/cms\/wp-content\/uploads\/2022\/03\/20251222_110923-510x510.jpg 510w, https:\/\/ms-graz-stjohann.at\/cms\/wp-content\/uploads\/2022\/03\/20251222_110923-150x150.jpg 150w\" sizes=\"(max-width: 510px) 100vw, 510px\" title=\"20251222_110923\" alt=\"\" \t\tclass=\"so-widget-image\"\/>\n\t\t\t<\/a><\/div>\n\n<\/div><\/div><\/div><\/div><div id=\"pg-9513-3\"  class=\"panel-grid panel-no-style\" ><div id=\"pgc-9513-3-0\"  class=\"panel-grid-cell\" ><div id=\"panel-9513-3-0-0\" class=\"so-panel widget widget_sow-image panel-first-child panel-last-child\" data-index=\"7\" ><div\n\t\t\t\n\t\t\tclass=\"so-widget-sow-image so-widget-sow-image-default-8b5b6f678277-9513\"\n\t\t\t\n\t\t>\n<div class=\"sow-image-container\">\n\t\t\t<a href=\"http:\/\/ms-graz-stjohann.at\/cms\/wp-content\/uploads\/2022\/03\/qr-code_Kunstprojekt.png\"\n\t\t\t\t\t>\n\t\t\t<img \n\tsrc=\"https:\/\/ms-graz-stjohann.at\/cms\/wp-content\/uploads\/2022\/03\/qr-code_Kunstprojekt-510x510.png\" width=\"510\" height=\"510\" srcset=\"https:\/\/ms-graz-stjohann.at\/cms\/wp-content\/uploads\/2022\/03\/qr-code_Kunstprojekt-510x510.png 510w, https:\/\/ms-graz-stjohann.at\/cms\/wp-content\/uploads\/2022\/03\/qr-code_Kunstprojekt-300x300.png 300w, https:\/\/ms-graz-stjohann.at\/cms\/wp-content\/uploads\/2022\/03\/qr-code_Kunstprojekt-1024x1024.png 1024w, https:\/\/ms-graz-stjohann.at\/cms\/wp-content\/uploads\/2022\/03\/qr-code_Kunstprojekt-150x150.png 150w, https:\/\/ms-graz-stjohann.at\/cms\/wp-content\/uploads\/2022\/03\/qr-code_Kunstprojekt-768x768.png 768w, https:\/\/ms-graz-stjohann.at\/cms\/wp-content\/uploads\/2022\/03\/qr-code_Kunstprojekt.png 1155w\" sizes=\"(max-width: 510px) 100vw, 510px\" alt=\"\" \t\tclass=\"so-widget-image\"\/>\n\t\t\t<\/a><\/div>\n\n<\/div><\/div><\/div><div id=\"pgc-9513-3-1\"  class=\"panel-grid-cell panel-grid-cell-empty panel-grid-cell-mobile-last\" ><\/div><div id=\"pgc-9513-3-2\"  class=\"panel-grid-cell panel-grid-cell-empty\" ><\/div><\/div><\/div>","protected":false},"excerpt":{"rendered":"<p>Kunstworkshop an den Projekttagen vor den Weihnachtsferien<\/p>\n","protected":false},"author":4,"featured_media":9520,"comment_status":"closed","ping_status":"closed","sticky":false,"template":"","format":"standard","meta":{"_uag_custom_page_level_css":"","footnotes":""},"categories":[3],"tags":[168,205,96],"class_list":{"0":"post-9513","1":"post","2":"type-post","3":"status-publish","4":"format-standard","5":"has-post-thumbnail","7":"category-projekte","8":"tag-demokratie","9":"tag-kunst","10":"tag-projekttage","11":"czr-hentry"},"uagb_featured_image_src":{"full":["https:\/\/ms-graz-stjohann.at\/cms\/wp-content\/uploads\/2022\/03\/20251223_110804-scaled.jpg",1920,2560,false],"thumbnail":["https:\/\/ms-graz-stjohann.at\/cms\/wp-content\/uploads\/2022\/03\/20251223_110804-150x150.jpg",150,150,true],"medium":["https:\/\/ms-graz-stjohann.at\/cms\/wp-content\/uploads\/2022\/03\/20251223_110804-225x300.jpg",225,300,true],"medium_large":["https:\/\/ms-graz-stjohann.at\/cms\/wp-content\/uploads\/2022\/03\/20251223_110804-768x1024.jpg",768,1024,true],"large":["https:\/\/ms-graz-stjohann.at\/cms\/wp-content\/uploads\/2022\/03\/20251223_110804-768x1024.jpg",768,1024,true],"1536x1536":["https:\/\/ms-graz-stjohann.at\/cms\/wp-content\/uploads\/2022\/03\/20251223_110804-1152x1536.jpg",1152,1536,true],"2048x2048":["https:\/\/ms-graz-stjohann.at\/cms\/wp-content\/uploads\/2022\/03\/20251223_110804-1536x2048.jpg",1536,2048,true],"tc-grid-full":["https:\/\/ms-graz-stjohann.at\/cms\/wp-content\/uploads\/2022\/03\/20251223_110804-1110x444.jpg",1110,444,true],"tc-grid":["https:\/\/ms-graz-stjohann.at\/cms\/wp-content\/uploads\/2022\/03\/20251223_110804-570x350.jpg",570,350,true],"tc-thumb":["https:\/\/ms-graz-stjohann.at\/cms\/wp-content\/uploads\/2022\/03\/20251223_110804-270x250.jpg",270,250,true],"slider-full":["https:\/\/ms-graz-stjohann.at\/cms\/wp-content\/uploads\/2022\/03\/20251223_110804-3000x325.jpg",3000,325,true],"slider":["https:\/\/ms-graz-stjohann.at\/cms\/wp-content\/uploads\/2022\/03\/20251223_110804-1110x325.jpg",1110,325,true],"tc-sq-thumb":["https:\/\/ms-graz-stjohann.at\/cms\/wp-content\/uploads\/2022\/03\/20251223_110804-510x510.jpg",510,510,true],"tc-ws-thumb":["https:\/\/ms-graz-stjohann.at\/cms\/wp-content\/uploads\/2022\/03\/20251223_110804-1110x624.jpg",1110,624,true],"tc-ws-small-thumb":["https:\/\/ms-graz-stjohann.at\/cms\/wp-content\/uploads\/2022\/03\/20251223_110804-528x297.jpg",528,297,true],"tc-slider-small":["https:\/\/ms-graz-stjohann.at\/cms\/wp-content\/uploads\/2022\/03\/20251223_110804-517x152.jpg",517,152,true],"sow-carousel-default":["https:\/\/ms-graz-stjohann.at\/cms\/wp-content\/uploads\/2022\/03\/20251223_110804-272x182.jpg",272,182,true]},"uagb_author_info":{"display_name":"Alexander Lehner","author_link":"https:\/\/ms-graz-stjohann.at\/cms\/author\/alexander-lehner\/"},"uagb_comment_info":0,"uagb_excerpt":"Kunstworkshop an den Projekttagen vor den Weihnachtsferien","_links":{"self":[{"href":"https:\/\/ms-graz-stjohann.at\/cms\/wp-json\/wp\/v2\/posts\/9513","targetHints":{"allow":["GET"]}}],"collection":[{"href":"https:\/\/ms-graz-stjohann.at\/cms\/wp-json\/wp\/v2\/posts"}],"about":[{"href":"https:\/\/ms-graz-stjohann.at\/cms\/wp-json\/wp\/v2\/types\/post"}],"author":[{"embeddable":true,"href":"https:\/\/ms-graz-stjohann.at\/cms\/wp-json\/wp\/v2\/users\/4"}],"replies":[{"embeddable":true,"href":"https:\/\/ms-graz-stjohann.at\/cms\/wp-json\/wp\/v2\/comments?post=9513"}],"version-history":[{"count":1,"href":"https:\/\/ms-graz-stjohann.at\/cms\/wp-json\/wp\/v2\/posts\/9513\/revisions"}],"predecessor-version":[{"id":9521,"href":"https:\/\/ms-graz-stjohann.at\/cms\/wp-json\/wp\/v2\/posts\/9513\/revisions\/9521"}],"wp:featuredmedia":[{"embeddable":true,"href":"https:\/\/ms-graz-stjohann.at\/cms\/wp-json\/wp\/v2\/media\/9520"}],"wp:attachment":[{"href":"https:\/\/ms-graz-stjohann.at\/cms\/wp-json\/wp\/v2\/media?parent=9513"}],"wp:term":[{"taxonomy":"category","embeddable":true,"href":"https:\/\/ms-graz-stjohann.at\/cms\/wp-json\/wp\/v2\/categories?post=9513"},{"taxonomy":"post_tag","embeddable":true,"href":"https:\/\/ms-graz-stjohann.at\/cms\/wp-json\/wp\/v2\/tags?post=9513"}],"curies":[{"name":"wp","href":"https:\/\/api.w.org\/{rel}","templated":true}]}}